{"id":578,"date":"2014-08-11T12:09:41","date_gmt":"2014-08-11T10:09:41","guid":{"rendered":"https:\/\/jean-monnet-saar.eu\/?p=578"},"modified":"2018-05-24T09:33:56","modified_gmt":"2018-05-24T07:33:56","slug":"ein-wiedersehen-nach-60-jahren","status":"publish","type":"post","link":"https:\/\/jean-monnet-saar.eu\/?p=578","title":{"rendered":"Ein Wiedersehen nach 60 Jahren"},"content":{"rendered":"<h2>Ehemalige Studierende des Jahrganges 1955 treffen sich in Saarbr\u00fccken<\/h2>\n<p>&nbsp;<\/p>\n<p>Prof. Giegerich hatte die Ehre eine internationale Gruppe von Absolventinnen und Absolventen des Studienganges des Europa-Instituts an der Universit\u00e4t des Saarlandes vergangene Woche, am Mittwoch dem 6. August 2014, in Saarbr\u00fccken begr\u00fc\u00dfen zu d\u00fcrfen. Das Treffen der Herrschaften bedarf deswegen besonderer Aufmerksamkeit, da sie den Mitarbeitern des Europa-Instituts und allen Anwesenden Einblicke in die Anf\u00e4nge des Studienganges an der Universit\u00e4t des Saarlandes gew\u00e4hren konnten, welcher seit 1951 angeboten wird. Dies diente als Inspiration f\u00fcr einen regen Austausch zwischen Jung und Alt \u00fcber das Europa-Institut, sowie die Bedeutung Europas an sich. Ein Bericht des Treffens erschien am 8. August 2014 in der Saarbr\u00fccker Zeitung, <a href=\"http:\/\/www.saarbruecker-zeitung.de\/saarland\/saarbruecken\/saarbruecken\/Saarbruecken-Absolventen-Bruessel-Institute-Internationales-Recht-und-internationale-Justiz;art446398,5381372\" target=\"_blank\">und kann hier nachgelesen werden<\/a>.<\/p>\n<p>&nbsp;<\/p>\n<p><a href=\"https:\/\/jean-monnet-saar.eu\/wp-content\/uploads\/2014\/08\/3195007_m2h257q75s1v59055_sb-europainst_0814_4.jpg_8069-G6D53G3PI.1-ORG_CCIDIM-203.jpg\"><img loading=\"lazy\" decoding=\"async\" class=\"size-full wp-image-579 alignleft\" src=\"https:\/\/jean-monnet-saar.eu\/wp-content\/uploads\/2014\/08\/3195007_m2h257q75s1v59055_sb-europainst_0814_4.jpg_8069-G6D53G3PI.1-ORG_CCIDIM-203.jpg\" alt=\"3195007_m2h257q75s1v59055_sb-europainst_0814_4.jpg_8069-G6D53G3PI.1-ORG_CCIDIM-203\" width=\"522\" height=\"257\" srcset=\"https:\/\/jean-monnet-saar.eu\/wp-content\/uploads\/2014\/08\/3195007_m2h257q75s1v59055_sb-europainst_0814_4.jpg_8069-G6D53G3PI.1-ORG_CCIDIM-203.jpg 522w, https:\/\/jean-monnet-saar.eu\/wp-content\/uploads\/2014\/08\/3195007_m2h257q75s1v59055_sb-europainst_0814_4.jpg_8069-G6D53G3PI.1-ORG_CCIDIM-203-300x147.jpg 300w\" sizes=\"auto, (max-width: 522px) 100vw, 522px\" \/><\/a><\/p>\n<p>&nbsp;<\/p>\n<p>&nbsp;<\/p>\n<p>&nbsp;<\/p>\n<p>&nbsp;<\/p>\n<p>&nbsp;<\/p>\n<p>&nbsp;<\/p>\n<p>&nbsp;<\/p>\n<p>&nbsp;<\/p>\n<p>&nbsp;<\/p>\n<p>&nbsp;<\/p>\n<p>Foto: Iris Maurer<\/p>\n","protected":false},"excerpt":{"rendered":"<p>Ehemalige Studierende des Jahrganges 1955 treffen sich in Saarbr\u00fccken &nbsp; Prof. Giegerich hatte die Ehre eine internationale Gruppe von Absolventinnen und Absolventen des Studienganges des<\/p>\n","protected":false},"author":16,"featured_media":579,"comment_status":"closed","ping_status":"closed","sticky":false,"template":"","format":"standard","meta":{"footnotes":""},"categories":[1],"tags":[69,67,68],"class_list":["post-578","post","type-post","status-publish","format-standard","has-post-thumbnail","hentry","category-allgemein","tag-bericht","tag-europa-insitut","tag-treffen"],"cc_featured_image_caption":{"caption_text":false,"source_text":false,"source_url":false},"_links":{"self":[{"href":"https:\/\/jean-monnet-saar.eu\/index.php?rest_route=\/wp\/v2\/posts\/578","targetHints":{"allow":["GET"]}}],"collection":[{"href":"https:\/\/jean-monnet-saar.eu\/index.php?rest_route=\/wp\/v2\/posts"}],"about":[{"href":"https:\/\/jean-monnet-saar.eu\/index.php?rest_route=\/wp\/v2\/types\/post"}],"author":[{"embeddable":true,"href":"https:\/\/jean-monnet-saar.eu\/index.php?rest_route=\/wp\/v2\/users\/16"}],"replies":[{"embeddable":true,"href":"https:\/\/jean-monnet-saar.eu\/index.php?rest_route=%2Fwp%2Fv2%2Fcomments&post=578"}],"version-history":[{"count":0,"href":"https:\/\/jean-monnet-saar.eu\/index.php?rest_route=\/wp\/v2\/posts\/578\/revisions"}],"wp:featuredmedia":[{"embeddable":true,"href":"https:\/\/jean-monnet-saar.eu\/index.php?rest_route=\/wp\/v2\/media\/579"}],"wp:attachment":[{"href":"https:\/\/jean-monnet-saar.eu\/index.php?rest_route=%2Fwp%2Fv2%2Fmedia&parent=578"}],"wp:term":[{"taxonomy":"category","embeddable":true,"href":"https:\/\/jean-monnet-saar.eu\/index.php?rest_route=%2Fwp%2Fv2%2Fcategories&post=578"},{"taxonomy":"post_tag","embeddable":true,"href":"https:\/\/jean-monnet-saar.eu\/index.php?rest_route=%2Fwp%2Fv2%2Ftags&post=578"}],"curies":[{"name":"wp","href":"https:\/\/api.w.org\/{rel}","templated":true}]}}