{"id":731,"date":"2015-01-14T10:04:42","date_gmt":"2015-01-14T08:04:42","guid":{"rendered":"https:\/\/jean-monnet-saar.eu\/?p=731"},"modified":"2021-01-26T12:45:37","modified_gmt":"2021-01-26T10:45:37","slug":"ttip-worauf-lassen-wir-uns-ein","status":"publish","type":"post","link":"https:\/\/jean-monnet-saar.eu\/?p=731","title":{"rendered":"TTIP: Worauf lassen wir uns ein?"},"content":{"rendered":"<h2>Prof. Giegerich nimmt an Diskussion zu Freihandelsabkommen teil<\/h2>\n<p>Am Dienstag, dem 03.02.2015 um 18 Uhr findet in der <a href=\"http:\/\/www.hwk-saarland.de\/\" target=\"_blank\" rel=\"noopener\">Handwerkskammer des Saarlandes in Saarbr\u00fccken<\/a> (Gro\u00dfer Saal, Hohenzollernstra\u00dfe 47\u201349, 66117 Saarbr\u00fccken) eine Diskussionsrunde zum Thema Transatlantisches Freihandelsabkommen zwischen den USA und der EU statt. Die Veranstaltung wird von der Europ\u00e4ischen Akademie in Otzenhausen, der ASKO Europa-Stiftung, dem Europa-Institut Saarbr\u00fccken und dem Lifelong Learning Program der Europ\u00e4ischen Kommission unterst\u00fczt. Die Diskutanten sind:<\/p>\n<ul>\n<li>Robert Basedow, von der London School of Economics<\/li>\n<li>Christian D. Falkowski, Botschafter a.D.<\/li>\n<li>Robert Karge, Landessprecher Mehr Demokratie Saarland e.V.<\/li>\n<li>Stephan Koppelberg, Leiter der Vertretung der Europ\u00e4ischen Kommission zu Bonn<\/li>\n<li>Thomas Giegerich, Direktor des Europa-Institutes zu Saarbr\u00fccken und Jean-Monnet Lehrstuhlinhaber<\/li>\n<\/ul>\n<p>Die Veranstaltung ist der breiten \u00d6ffentlichkeit zug\u00e4nglich. Eine Anmeldung durch eine Nachricht an die Adresse <a href=\"mailto:domann@eao-otzenhausen.de\" target=\"_blank\" rel=\"noopener\">domann[a]eao-otzenhausen.de<\/a> wird erbeten. Zum Thema findet sich auf unserem Blog auch ein Expert Paper, welches die Thematik aus amerikanischer Sicht beleuchtet (<a href=\"https:\/\/jean-monnet-saar.eu\/wp-content\/uploads\/2013\/12\/10_07_14_TTIP-Eliasson.pdf\">Leif Johan Eliasson: What is at Stake in the Transatlantic Trade and Investment Partnership? (07\/14)<\/a>). Mehr Informationen entnehmen Sie bitte der <a href=\"https:\/\/jean-monnet-saar.eu\/wp-content\/uploads\/2015\/01\/Einladung_TTIP.pdf\">Einladung zur TTIP Veranstaltung<\/a>.<\/p>\n<p>Wir freuen uns auf rege Teilnahme!<\/p>\n","protected":false},"excerpt":{"rendered":"<p>Prof. Giegerich nimmt an Diskussion zu Freihandelsabkommen teil Am Dienstag, dem 03.02.2015 um 18 Uhr findet in der Handwerkskammer des Saarlandes in Saarbr\u00fccken (Gro\u00dfer Saal,<\/p>\n","protected":false},"author":16,"featured_media":734,"comment_status":"closed","ping_status":"closed","sticky":false,"template":"","format":"standard","meta":{"footnotes":""},"categories":[1],"tags":[89,90,58,63],"class_list":["post-731","post","type-post","status-publish","format-standard","has-post-thumbnail","hentry","category-allgemein","tag-diskussion","tag-einladung","tag-jean-monnet-aktivitaet","tag-ttip"],"cc_featured_image_caption":{"caption_text":false,"source_text":false,"source_url":false},"_links":{"self":[{"href":"https:\/\/jean-monnet-saar.eu\/index.php?rest_route=\/wp\/v2\/posts\/731","targetHints":{"allow":["GET"]}}],"collection":[{"href":"https:\/\/jean-monnet-saar.eu\/index.php?rest_route=\/wp\/v2\/posts"}],"about":[{"href":"https:\/\/jean-monnet-saar.eu\/index.php?rest_route=\/wp\/v2\/types\/post"}],"author":[{"embeddable":true,"href":"https:\/\/jean-monnet-saar.eu\/index.php?rest_route=\/wp\/v2\/users\/16"}],"replies":[{"embeddable":true,"href":"https:\/\/jean-monnet-saar.eu\/index.php?rest_route=%2Fwp%2Fv2%2Fcomments&post=731"}],"version-history":[{"count":0,"href":"https:\/\/jean-monnet-saar.eu\/index.php?rest_route=\/wp\/v2\/posts\/731\/revisions"}],"wp:featuredmedia":[{"embeddable":true,"href":"https:\/\/jean-monnet-saar.eu\/index.php?rest_route=\/wp\/v2\/media\/734"}],"wp:attachment":[{"href":"https:\/\/jean-monnet-saar.eu\/index.php?rest_route=%2Fwp%2Fv2%2Fmedia&parent=731"}],"wp:term":[{"taxonomy":"category","embeddable":true,"href":"https:\/\/jean-monnet-saar.eu\/index.php?rest_route=%2Fwp%2Fv2%2Fcategories&post=731"},{"taxonomy":"post_tag","embeddable":true,"href":"https:\/\/jean-monnet-saar.eu\/index.php?rest_route=%2Fwp%2Fv2%2Ftags&post=731"}],"curies":[{"name":"wp","href":"https:\/\/api.w.org\/{rel}","templated":true}]}}