{"id":790,"date":"2015-05-11T11:44:48","date_gmt":"2015-05-11T09:44:48","guid":{"rendered":"https:\/\/jean-monnet-saar.eu\/?p=790"},"modified":"2021-01-26T13:50:26","modified_gmt":"2021-01-26T11:50:26","slug":"europa-verstehen-saarlaendische-oberstufenschueler-am-europa-institut","status":"publish","type":"post","link":"https:\/\/jean-monnet-saar.eu\/?p=790","title":{"rendered":"Europa verstehen! Saarl\u00e4ndische Oberstufensch\u00fcler am Europa-Institut"},"content":{"rendered":"<h2>Jean-Monnet Lehrstuhl von Prof. Dr. Thomas Giegerich ludt saarl\u00e4ndische Sch\u00fcler\/innen ans Europa-Institut<\/h2>\n<p>Den Europatag am 5. 5.2015 nahm der <a href=\"http:\/\/www.uni-saarland.de\/lehrstuhl\/giegerich.html\">Jean-Monnet Lehrstuhl von Prof. Dr. Thomas Giegerich, LL.M.<\/a> zum Anlass, um junge saarl\u00e4ndische Europ\u00e4erinnen und Europ\u00e4er f\u00fcr die gemeinsame europ\u00e4ische Sache begeistern und zu sensibilisieren. Im Mittelpunkt der von der Europ\u00e4ischen Kommission unterst\u00fctzten und zusammen mit dem <a href=\"http:\/\/europainstitut.de\/\">Europa-Institut<\/a> und dem<a href=\"https:\/\/europainstitut.de\/edz\"> Europ\u00e4ischen Dokumentationszentrum Saarland<\/a> organisierten Veranstaltung stand die Frage, wo konkret Europa f\u00fcr die jungen Leute sp\u00fcrbar und relevant wird. Den eingeladenen Oberstufensch\u00fclern aus Saarbr\u00fccken wurde zun\u00e4chst die Entstehungsgeschichte, Funktionsweise und die Politik der Europ\u00e4ischen Union in einem verst\u00e4ndlichen und spannenden Vortrag von Professor Thomas Giegerich erl\u00e4utert <a href=\"https:\/\/jean-monnet-saar.eu\/wp-content\/uploads\/2015\/05\/EntwicklungEuropa_SB_Europatag.pdf\" target=\"_blank\" rel=\"noopener\">(f\u00fcr Pr\u00e4sentation auf den Link klicken)<\/a>.<\/p>\n<p>In den anschlie\u00dfenden Workshops zu den Themen<\/p>\n<ul>\n<li>Sebastian Zeitzmann: Abgestufte Integration \u2013 Was bedeutet Europa in verschiedenen Bereichen<\/li>\n<li><a href=\"https:\/\/jean-monnet-saar.eu\/wp-content\/uploads\/2015\/05\/helenkuechlerpdf.pdf\">Helen K\u00fcchler: Who\u2019s the Boss? \u2013 Das Verh\u00e4ltnis der Union zu ihren Mitgliedsstaaten (f\u00fcr Pr\u00e4sentation auf den Link klicken)<\/a><\/li>\n<li>Oskar Josef Gstrein: Wie sch\u00fctzt die EU mein Recht auf Privatsph\u00e4re im Internet?<\/li>\n<li><a href=\"https:\/\/prezi.com\/fzt0tlcixeia\/die-eu-und-ich-\/?utm_campaign=share&amp;utm_medium=copy\" target=\"_blank\" rel=\"noopener\">Sabrina Lauer: Die EU und ich: ein \u00dcberblick zu den Grundfreiheiten \u2013 Wo wird Europa \u00bbsp\u00fcrbar\u00ab? (f\u00fcr Pr\u00e4sentation auf den Link klicken)<\/a><\/li>\n<\/ul>\n<p>sollten sich dann die Jugendlichen bestimmte Themenbereiche der Europ\u00e4ischen Union erarbeiten. Ein <a href=\"https:\/\/jean-monnet-saar.eu\/wp-content\/uploads\/2015\/05\/Jean-Monnet-Schulbesuch.pdf\">Bericht in der Saarbr\u00fccker Zeitung vom 07.05.2015<\/a> belegt das beachtliche Interesse am Inhalt der Veranstaltung. Der Lehrstuhl plant auch in Zukunft mit Schulen in Kontakt zu treten, um \u00e4hnliche Veranstaltungen druchzuf\u00fchren.<\/p>\n<p>Hier noch einige Impressionen:<\/p>\n<p><a href=\"https:\/\/jean-monnet-saar.eu\/wp-content\/uploads\/2015\/05\/7-DSC09304.jpg\"><img loading=\"lazy\" decoding=\"async\" class=\"aligncenter size-large wp-image-807\" src=\"https:\/\/jean-monnet-saar.eu\/wp-content\/uploads\/2015\/05\/7-DSC09304-1024x681.jpg\" alt=\"7-DSC09304\" width=\"1024\" height=\"681\" srcset=\"https:\/\/jean-monnet-saar.eu\/wp-content\/uploads\/2015\/05\/7-DSC09304-1024x681.jpg 1024w, https:\/\/jean-monnet-saar.eu\/wp-content\/uploads\/2015\/05\/7-DSC09304-300x200.jpg 300w, https:\/\/jean-monnet-saar.eu\/wp-content\/uploads\/2015\/05\/7-DSC09304-900x599.jpg 900w, https:\/\/jean-monnet-saar.eu\/wp-content\/uploads\/2015\/05\/7-DSC09304.jpg 1600w\" sizes=\"auto, (max-width: 1024px) 100vw, 1024px\" \/><\/a> <a href=\"https:\/\/jean-monnet-saar.eu\/wp-content\/uploads\/2015\/05\/6-DSC092891.jpg\"><img loading=\"lazy\" decoding=\"async\" class=\"aligncenter size-large wp-image-806\" src=\"https:\/\/jean-monnet-saar.eu\/wp-content\/uploads\/2015\/05\/6-DSC092891-1024x872.jpg\" alt=\"6-DSC09289\" width=\"1024\" height=\"872\" srcset=\"https:\/\/jean-monnet-saar.eu\/wp-content\/uploads\/2015\/05\/6-DSC092891-1024x872.jpg 1024w, https:\/\/jean-monnet-saar.eu\/wp-content\/uploads\/2015\/05\/6-DSC092891-300x255.jpg 300w, https:\/\/jean-monnet-saar.eu\/wp-content\/uploads\/2015\/05\/6-DSC092891-900x766.jpg 900w, https:\/\/jean-monnet-saar.eu\/wp-content\/uploads\/2015\/05\/6-DSC092891.jpg 1600w\" sizes=\"auto, (max-width: 1024px) 100vw, 1024px\" \/><\/a> <a href=\"https:\/\/jean-monnet-saar.eu\/wp-content\/uploads\/2015\/05\/5-DSC092821.jpg\"><img loading=\"lazy\" decoding=\"async\" class=\"aligncenter size-large wp-image-805\" src=\"https:\/\/jean-monnet-saar.eu\/wp-content\/uploads\/2015\/05\/5-DSC092821-1024x681.jpg\" alt=\"5-DSC09282\" width=\"1024\" height=\"681\" srcset=\"https:\/\/jean-monnet-saar.eu\/wp-content\/uploads\/2015\/05\/5-DSC092821-1024x681.jpg 1024w, https:\/\/jean-monnet-saar.eu\/wp-content\/uploads\/2015\/05\/5-DSC092821-300x200.jpg 300w, https:\/\/jean-monnet-saar.eu\/wp-content\/uploads\/2015\/05\/5-DSC092821-900x599.jpg 900w, https:\/\/jean-monnet-saar.eu\/wp-content\/uploads\/2015\/05\/5-DSC092821.jpg 1600w\" sizes=\"auto, (max-width: 1024px) 100vw, 1024px\" \/><\/a> <a href=\"https:\/\/jean-monnet-saar.eu\/wp-content\/uploads\/2015\/05\/4-DSC092811.jpg\"><img loading=\"lazy\" decoding=\"async\" class=\"aligncenter size-large wp-image-804\" src=\"https:\/\/jean-monnet-saar.eu\/wp-content\/uploads\/2015\/05\/4-DSC092811-681x1024.jpg\" alt=\"4-DSC09281\" width=\"681\" height=\"1024\" srcset=\"https:\/\/jean-monnet-saar.eu\/wp-content\/uploads\/2015\/05\/4-DSC092811-681x1024.jpg 681w, https:\/\/jean-monnet-saar.eu\/wp-content\/uploads\/2015\/05\/4-DSC092811-200x300.jpg 200w, https:\/\/jean-monnet-saar.eu\/wp-content\/uploads\/2015\/05\/4-DSC092811-900x1353.jpg 900w, https:\/\/jean-monnet-saar.eu\/wp-content\/uploads\/2015\/05\/4-DSC092811.jpg 1064w\" sizes=\"auto, (max-width: 681px) 100vw, 681px\" \/><\/a> <a href=\"https:\/\/jean-monnet-saar.eu\/wp-content\/uploads\/2015\/05\/3-DSC092752.jpg\"><img loading=\"lazy\" decoding=\"async\" class=\"aligncenter size-large wp-image-803\" src=\"https:\/\/jean-monnet-saar.eu\/wp-content\/uploads\/2015\/05\/3-DSC092752-1024x681.jpg\" alt=\"3-DSC09275\" width=\"1024\" height=\"681\" srcset=\"https:\/\/jean-monnet-saar.eu\/wp-content\/uploads\/2015\/05\/3-DSC092752-1024x681.jpg 1024w, https:\/\/jean-monnet-saar.eu\/wp-content\/uploads\/2015\/05\/3-DSC092752-300x200.jpg 300w, https:\/\/jean-monnet-saar.eu\/wp-content\/uploads\/2015\/05\/3-DSC092752-900x599.jpg 900w, https:\/\/jean-monnet-saar.eu\/wp-content\/uploads\/2015\/05\/3-DSC092752.jpg 1600w\" sizes=\"auto, (max-width: 1024px) 100vw, 1024px\" \/><\/a><\/p>\n<p style=\"text-align: left;\">\n","protected":false},"excerpt":{"rendered":"<p>Jean-Monnet Lehrstuhl von Prof. Dr. Thomas Giegerich ludt saarl\u00e4ndische Sch\u00fcler\/innen ans Europa-Institut Den Europatag am 5. 5.2015 nahm der Jean-Monnet Lehrstuhl von Prof. Dr. Thomas<\/p>\n","protected":false},"author":16,"featured_media":802,"comment_status":"open","ping_status":"open","sticky":false,"template":"","format":"standard","meta":{"footnotes":""},"categories":[1],"tags":[69,101,58],"class_list":["post-790","post","type-post","status-publish","format-standard","has-post-thumbnail","hentry","category-allgemein","tag-bericht","tag-europa-tag","tag-jean-monnet-aktivitaet"],"cc_featured_image_caption":{"caption_text":false,"source_text":false,"source_url":false},"_links":{"self":[{"href":"https:\/\/jean-monnet-saar.eu\/index.php?rest_route=\/wp\/v2\/posts\/790","targetHints":{"allow":["GET"]}}],"collection":[{"href":"https:\/\/jean-monnet-saar.eu\/index.php?rest_route=\/wp\/v2\/posts"}],"about":[{"href":"https:\/\/jean-monnet-saar.eu\/index.php?rest_route=\/wp\/v2\/types\/post"}],"author":[{"embeddable":true,"href":"https:\/\/jean-monnet-saar.eu\/index.php?rest_route=\/wp\/v2\/users\/16"}],"replies":[{"embeddable":true,"href":"https:\/\/jean-monnet-saar.eu\/index.php?rest_route=%2Fwp%2Fv2%2Fcomments&post=790"}],"version-history":[{"count":0,"href":"https:\/\/jean-monnet-saar.eu\/index.php?rest_route=\/wp\/v2\/posts\/790\/revisions"}],"wp:featuredmedia":[{"embeddable":true,"href":"https:\/\/jean-monnet-saar.eu\/index.php?rest_route=\/wp\/v2\/media\/802"}],"wp:attachment":[{"href":"https:\/\/jean-monnet-saar.eu\/index.php?rest_route=%2Fwp%2Fv2%2Fmedia&parent=790"}],"wp:term":[{"taxonomy":"category","embeddable":true,"href":"https:\/\/jean-monnet-saar.eu\/index.php?rest_route=%2Fwp%2Fv2%2Fcategories&post=790"},{"taxonomy":"post_tag","embeddable":true,"href":"https:\/\/jean-monnet-saar.eu\/index.php?rest_route=%2Fwp%2Fv2%2Ftags&post=790"}],"curies":[{"name":"wp","href":"https:\/\/api.w.org\/{rel}","templated":true}]}}