{"id":881,"date":"2015-07-30T16:27:14","date_gmt":"2015-07-30T14:27:14","guid":{"rendered":"https:\/\/jean-monnet-saar.eu\/?p=881"},"modified":"2022-07-07T13:22:28","modified_gmt":"2022-07-07T12:22:28","slug":"case-analysis-of-the-ecthr-judgment-in-delfi-as-v-estonia-app-no-6456909","status":"publish","type":"post","link":"https:\/\/jean-monnet-saar.eu\/?p=881","title":{"rendered":"Case analysis of the ECtHR judgment in Delfi AS v. Estonia (app. No. 64569\/09)"},"content":{"rendered":"<h2>The difficulties of information management for intermediaries<\/h2>\n<p><em>By Oskar Josef Gstrein<\/em><a href=\"#_ftn1\" name=\"_ftnref1\">[1]<\/a><\/p>\n<p><strong>\u00a0A. Introduction<\/strong><\/p>\n<p>\u201cThe medium is the message\u201d.<a href=\"#_ftn2\" name=\"_ftnref2\">[2]<\/a> This phrase coined by the Canadian philosopher Marshal McLuhan in the 1960s seems to be nowhere as true as when it comes to the processing and distribution of information on the internet. The philosophy of media has boomed with the start of the new millennium and also other less \u201cspeculative\u201d sciences such as law have to deal more and more with the aspects of information processing.<\/p>\n<p>Since the collection of personal data has become a lucrative business model<a href=\"#_ftn3\" name=\"_ftnref3\">[3]<\/a> there is a need for more and better regulation. However, not only the sheer content of data is important. Also aspects of accessibility and possibilities for contextualization define the \u201cvalue\u201d of data.<\/p>\n<p>Recently, not only private actors try to design the future of the internal market of the European Union in that regard.<a href=\"#_ftn4\" name=\"_ftnref4\">[4]<\/a> Regional authorities also seem to become more and more proactive in the field. The European Data Protection Supervisor Giovanni Butarelli is talking about \u201ca defining moment for digital rights in Europe and beyond.\u201d<a href=\"#_ftn5\" name=\"_ftnref5\">[5]<\/a> The European Commission has declared the \u201cDigital Single Market\u201d one of its top priorities for the coming years.<a href=\"#_ftn6\" name=\"_ftnref6\">[6]<\/a> National politicians like Angela Merkel warn their countries and the entire continent of falling behind in the technological arms race,<a href=\"#_ftn7\" name=\"_ftnref7\">[7]<\/a> hence not being able to shape the future of the world. And ultimately, the regional courts keep continuing to deliver judgments which aim at redefining law and its application in the digital landscape.<\/p>\n<p>It could very well be argued that especially the actors last mentioned have a constantly underestimated impact when it comes to shaping the future of cyberspace and the concept of privacy in the digital age. By now the Court of Justice of the European Union (CJEU) has delivered numerous judgments with ground-breaking character.<\/p>\n<p>In the year 2014 it not only struck down the EU\u2019s data retention directive 2006\/24\/EC on the 8<sup>th<\/sup> of April.<a href=\"#_ftn8\" name=\"_ftnref8\">[8]<\/a> On the 13<sup>th<\/sup> of May it also established the right to delist information from the index of a search engine via its controversial \u201cGoogle Spain\u201d decision.<a href=\"#_ftn9\" name=\"_ftnref9\">[9]<\/a> And it looks like with cases such as Max Schrems\u2019 and his Europe v. Facebook campaign<a href=\"#_ftn10\" name=\"_ftnref10\">[10]<\/a> pending before the court<a href=\"#_ftn11\" name=\"_ftnref11\">[11]<\/a> the list will not come to an end soon.<\/p>\n<p>What all of these judgments have in common is that their main legal problems are not connected with the content of the information that is being processed. What is crucial is the question of how accessibility and transferability of data is organized and evaluated from a legal perspective.<\/p>\n<p>This can also be seen in the SABAM vs. Netlog judgment<a href=\"#_ftn12\" name=\"_ftnref12\">[12]<\/a> and the UPC Telekabel Wien case.<a href=\"#_ftn13\" name=\"_ftnref13\">[13]<\/a> Like the already mentioned decisions these cases clearly point to the fact that modern information management and its regulation is not only a matter of the content of information, but especially of the role of the so-called \u201cintermediaries\u201d. The regulation of intermediaries becomes an ever more important aspect when considering the future development of the digital space.<a href=\"#_ftn14\" name=\"_ftnref14\">[14]<\/a> Their business practices and conduct is crucial for the accessibility, presentation and contextualization of information. When it comes to understanding the conditionality of liability of such service providers the Articles 12 to 14 of Directive 2000\/31\/EC can be helpful.<a href=\"#_ftn15\" name=\"_ftnref15\">[15]<\/a><\/p>\n<p>However, regulation of the activities of intermediaries takes not only place within the EU. The Grand Chamber decision in the case Delfi AS v. Estonia<a href=\"#_ftn16\" name=\"_ftnref16\">[16]<\/a> from the 16<sup>th<\/sup> of June 2015 the Court of Human Rights in Strasbourg (ECtHR) has delivered another important judgment which tries to strike the right balance between the fundamental rights to privacy and the freedom of expression and information.<\/p>\n<p><strong>B. The decision in Delfi AS v. Estonia<\/strong><\/p>\n<p><em>I. The background of the case<\/em><\/p>\n<p>Delfi AS runs an online newsportal of national importance in the country of Estonia.<a href=\"#_ftn17\" name=\"_ftnref17\">[17]<\/a> On the 24<sup>th<\/sup> of January 2006 an article with the title \u201cSLK Destroyed Planned Ice Road\u201d<a href=\"#_ftn18\" name=\"_ftnref18\">[18]<\/a> was published. The report suggested that AS Saaremaa Laevakompanii (Saaremaa Shipping Company, a public limited liability company) made it impossible to use several ice roads. The latter temporarily connect the Estonian mainland to several islands in the region which SLK normally connects by offering ferry services.<\/p>\n<p>The content of the report was not challenged as such. But Delfi also offered the possibility to comment on the article, which received 185 comments until the 25<sup>th<\/sup> of January 2006.<a href=\"#_ftn19\" name=\"_ftnref19\">[19]<\/a> Some of them were directly relating to \u201cL\u201d who was a member of the supervisory board of SLK and the most visible public figure of SLK at the material time.<a href=\"#_ftn20\" name=\"_ftnref20\">[20]<\/a> The ECtHR gave some examples of the comments under the article in his judgment:<a href=\"#_ftn21\" name=\"_ftnref21\">[21]<\/a><\/p>\n<blockquote>\n<ol>\n<li>\u00a0&#8222;(1) there are currents in [V]\u00e4inameri<br \/>\n(2) open water is closer to the places you referred to, and the ice is thinner.<br \/>\nProposal \u2013 let\u2019s do as in 1905, let\u2019s go to [K]uressaare with sticks and put [L.] and [Le.] in a bag&#8220;<\/li>\n<li>&#8222;bloody shitheads&#8230;they bathe in money anyway thanks to that monopoly and State subsidies and have now started to fear that cars may drive to the islands for a couple of days without anything filling their purses. burn in your own ship, sick Jew!&#8220;<\/li>\n<li>&#8222;good that [La.\u2019s] initiative has not broken down the lines of the web flamers. go ahead, guys, [L.] into the oven!&#8220;<\/li>\n<li>&#8222;[little L.] go and drown yourself [\u2026]\u201d<\/li>\n<\/ol>\n<\/blockquote>\n<p>L. wanted not only these comments to be removed from the website, but also asked for compensation for non-pecuniary damage. Delfi removed the comments six weeks after the publication.<a href=\"#_ftn22\" name=\"_ftnref22\">[22]<\/a> However, when it came to compensation, the publisher denied any responsibility for the content of the comments and claimed it was only acting as intermediary service provider in that regard. Several procedures were conducted in the national courts. Finally, the last instance court in Estonia (the Supreme Court) came to the conclusion that Delfi had a responsibility to protect L from the consequences of the unlawful comments and therefore should have prevented the publication in the first place.<a href=\"#_ftn23\" name=\"_ftnref23\">[23]<\/a> Subsequently, in October 2009, Delfi set up a more sophisticated monitoring system for the comments involving a review procedure by a set of moderators who look at any comment before it is published.<a href=\"#_ftn24\" name=\"_ftnref24\">[24]<\/a><\/p>\n<p><em>II. The proceedings in Strasbourg<\/em><\/p>\n<p>After all national remedies had been exhausted Delfi made an application to the ECtHR on the 4<sup>th<\/sup> of December 2009. The much discussed judgment<a href=\"#_ftn25\" name=\"_ftnref25\">[25]<\/a> of the First Section of the ECtHR from the 10<sup>th<\/sup> of October 2013 turned down Delfi\u2019s complaint that there was a violation of the freedom of expression by Estonia whose courts demanded from the company to manage the comments under the article more actively. However, on the 17<sup>th<\/sup> of February 2014 the judgment was accepted to be reviewed by the Grand Chamber of the Strasbourg court.<\/p>\n<p>In the proceedings before the Grand Chamber the argumentation of the parties basically stayed the same. Delfi claimed that any responsibility of the company to prevent damage regarding the reputation of L infringed its freedom of expression under Article 10 of the European Convention of Human Rights.<a href=\"#_ftn26\" name=\"_ftnref26\">[26]<\/a> The court thus summarizes the position of Delfi with the words:<\/p>\n<blockquote><p>&#8222;The applicant company called on the Grand Chamber to look at the case as a whole, including the question whether the applicant company was to be characterised as a traditional publisher or an intermediary. A publisher was liable for all content published by it regardless of the authorship of the particular content. However, the applicant company insisted that it should be regarded as an intermediary and it had as such been entitled to follow the specific and foreseeable law limiting the obligation to monitor third-party comments. It argued that intermediaries were not best suited to decide upon the legality of user-generated content. This was especially so in respect of defamatory content since the victim alone could assess what caused damage to his reputation.&#8220;<a href=\"#_ftn27\" name=\"_ftnref27\">[27]<\/a><\/p><\/blockquote>\n<p>Nevertheless, the Grand Chamber basically confirmed the Chamber and national courts\u2019 judgments by coming to the conclusion:<\/p>\n<blockquote><p>&#8222;In connection with the question whether the liability of the actual authors of the comments could serve as a sensible alternative to the liability of the Internet news portal in a case like the present one, the Court is mindful of the interest of Internet users in not disclosing their identity. Anonymity has long been a means of avoiding reprisals or unwanted attention. As such, it is capable of promoting the free flow of ideas and information in an important manner, including, notably, on the Internet. At the same time, the Court does not lose sight of the ease, scope and speed of the dissemination of information on the Internet, and the persistence of the information once disclosed, which may considerably aggravate the effects of unlawful speech on the Internet compared to traditional media. It also refers in this connection to a recent judgment of the Court of Justice of the European Union in the case of Google Spain and Google, in which that court, albeit in a different context, dealt with the problem of the availability on the Internet of information seriously interfering with a person\u2019s private life over an extended period of time, and found that the individual\u2019s fundamental rights, as a rule, overrode the economic interests of the search engine operator and the interests of other Internet users [\u2026].&#8220;<a href=\"#_ftn28\" name=\"_ftnref28\">[28]<\/a><\/p><\/blockquote>\n<p>And<\/p>\n<blockquote><p>&#8222;[f]inally, turning to the question of what consequences resulted from the domestic proceedings for the applicant company, the Court notes that the company was obliged to pay the injured person the equivalent of EUR 320 in compensation for non-pecuniary damage. It agrees with the finding of the Chamber that this sum, also taking into account the fact that the applicant company was a professional operator of one of the largest Internet news portals in Estonia, can by no means be considered disproportionate to the breach established by the domestic courts [\u2026].&#8220;<a href=\"#_ftn29\" name=\"_ftnref29\">[29]<\/a><\/p><\/blockquote>\n<p><strong>C. Interpretation and Context<\/strong><\/p>\n<p>Considering its institutional aspect the numerous and close references of the Grand Chamber of the ECtHR to EU law and CJEU jurisprudence indicates that at least in the digital space there exists a single space of human rights protection in Europe. Keeping in mind the cumbersome negotiation process concerning the EU\u2019s accession to the ECHR this leaves some hope for a more integration-friendly future which is more strongly oriented at practical necessities than institutional battle.<a href=\"#_ftn30\" name=\"_ftnref30\">[30]<\/a><\/p>\n<p>Materially, the Delfi case refers to the question of \u201cself-censorship\u201d and asks if we have to fear a future where \u201cchilling effects\u201d become part of the everyday experience in the online world.<a href=\"#_ftn31\" name=\"_ftnref31\">[31]<\/a> The fact that modern information processing makes surveillance much easier than in the past results in new challenges. The concepts of liberty and freedom have to be emphasized more strongly and updated in the modern context in order to remain intact. Our societies have to create new spaces where it can be expected that no one interferes in the private sphere and where not having to show an expected status quo at any point in time is necessary. Put simply: There needs to be a part in everybody\u2019s life where polarizing \u2013 not illegal \u00ad behavior is possible and accepted.<\/p>\n<p>However, it is also important to emphasize that information networks now are strongly integrated into the lives of their users. With more power comes more responsibility. The fact that a news portal of national importance can be run through the internet also means that it has to be able to live up to the same standards of accountability as traditional media. This is probably the strongest argument why the judgment of the ECtHR was essentially right. The professionalism of Delfi combined with the moderate and proportionate punishment leave the impression of a sound overall evaluation of the situation.<\/p>\n<p>Ultimately, the question remains what Delfi v. Estonia will or should be remembered for. Considering the special circumstances of the case involving much more resources and professionalism than when it comes to the exchange of views via the Internet it seems unlikely that it will set a precedent outside of the world of professional journalism. It would be surprising if the ECtHR and even national courts would had decided in the same way if not a medium of national importance was the place where the unlawful comments were posted. If Delfi had, for example, been a small private weblog of a person or a social community or forum things would have been different. The impact of the comments would not have been that serious.<\/p>\n<p>The actual lesson to be learned from this case is that we live in an age where it is not only important whether (sensitive) data is accessible or not. The question is more and more how easily and through which means it is accessible. This aspect is largely determined by the fact how intermediaries are positioned to process the relevant piece of data and under which regulatory circumstances they are required to interfere. In which scenarios will their social responsibility to protect privacy and the dignity of a person be more important than their duty to enable the free movement of data, thoughts and speech? In order to find the right answer to this question a complex balancing process is needed which can only be successfully concluded by looking at the potential scenarios and concrete cases. There is a strong need for differentiation between the different contexts of data processing.<\/p>\n<p>&#8212;&#8212;&#8212;&#8212;&#8212;&#8212;&#8212;&#8212;&#8212;&#8212;&#8212;&#8212;&#8212;&#8212;&#8212;&#8212;-<\/p>\n<p><a href=\"#_ftnref1\" name=\"_ftn1\">[1]<\/a> Mag. Dr. Oskar Josef Gstrein, LL.M. is an Assistant Professor at the Department of Governance and Innovation of Campus Frysl\u00e2n, where he is also member of the Data Research Centre. His PhD-Thesis is on the topic \u201cThe Right to be Forgotten as a Human Right\u201d.<\/p>\n<p><a href=\"#_ftnref2\" name=\"_ftn2\">[2]<\/a> McLuhan, Understanding Media: The extensions of Man, Mentor, 1964, New York, Chapter 1, p. 1: \u201cIn a culture like ours, long accustomed to splitting and dividing all things as a means of control, it is sometimes a bit of a shock to be reminded that, in operational and practical fact, the medium is the message.\u201d<\/p>\n<p><a href=\"#_ftnref3\" name=\"_ftn3\">[3]<\/a> Rashid, Surveillance is the Business Model of the Internet: Bruce Schneier, via: <a href=\"https:\/\/www.schneier.com\/news\/archives\/2014\/04\/surveillance_is_the.html\">https:\/\/www.schneier.com\/news\/archives\/2014\/04\/surveillance_is_the.html<\/a> &#8211; accessed 24.07.2015.<\/p>\n<p><a href=\"#_ftnref4\" name=\"_ftn4\">[4]<\/a> Cf. Microsoft Digital Single Market Communication Response, via: <a href=\"http:\/\/mscorp.blob.core.windows.net\/mscorpmedia\/2015\/07\/Microsoft-Digital-Single-Market-Communication-Response-FINAL-17-July-2015.pdf\">http:\/\/mscorp.blob.core.windows.net\/mscorpmedia\/2015\/07\/Microsoft-Digital-Single-Market-Communication-Response-FINAL-17-July-2015.pdf<\/a> &#8211; accessed 24.07.2015.<\/p>\n<p><a href=\"#_ftnref5\" name=\"_ftn5\">[5]<\/a> EDPS, Opinion 3\/2015, Europe\u2019s big opportunity, p. 9, via: <a href=\"http:\/\/bit.ly\/1SJrGSq\">http:\/\/bit.ly\/1SJrGSq<\/a> &#8211; accessed 28.07.2015.<\/p>\n<p><a href=\"#_ftnref6\" name=\"_ftn6\">[6]<\/a> <a href=\"http:\/\/ec.europa.eu\/priorities\/digital-single-market\/\">http:\/\/ec.europa.eu\/priorities\/digital-single-market\/<\/a> &#8211; accessed 24.07.2015.<\/p>\n<p><a href=\"#_ftnref7\" name=\"_ftn7\">[7]<\/a> Merkel said: \u201eEuropa \u2013 hier spreche ich f\u00fcr ganz Europa, das im Augenblick weder Google, Apple, Facebook noch andere solche Unternehmen hat \u2013 darf sich nicht nur auf seine industrielle Wertsch\u00f6pfung konzentrieren, sondern muss auch darauf achten, geeignete Rahmenbedingungen zu schaffen, um gro\u00dfe Datenmengen so zu verarbeiten, dass die Individualit\u00e4t gesch\u00fctzt ist. Dar\u00fcber wird zurzeit in Europa diskutiert. Deshalb sollten wir nicht nur ablehnen, sondern wir sollten uns auch \u00fcberlegen, wie wir im Konsumentenbereich noch mehr eigene europ\u00e4ische Unternehmen bekommen und Start-ups f\u00f6rdern k\u00f6nnen. Denn wir sind hierbei im Augenblick im weltweiten Vergleich nicht vorne dran.\u201c Rede von Bundeskanzlerin Merkel zum Deutschen Evangelischen Kirchentag am 5. Juni 2015, via: <a href=\"http:\/\/www.bundeskanzlerin.de\/Content\/DE\/Rede\/2015\/06\/2015-06-05-rede-merkel-kirchentag.html\">http:\/\/www.bundeskanzlerin.de\/Content\/DE\/Rede\/2015\/06\/2015-06-05-rede-merkel-kirchentag.html<\/a> &#8211; accessed 24.07.2015.<\/p>\n<p><a href=\"#_ftnref8\" name=\"_ftn8\">[8]<\/a> CJEU, C\u2011293\/12 and C\u2011594\/12, Digital Rights Ireland, K\u00e4rntner Landesregierung, ECLI:EU:C:2014:238, cf. my Blog Post in German via: <a href=\"https:\/\/jean-monnet-saar.eu\/?p=314\">https:\/\/jean-monnet-saar.eu\/?p=314<\/a> \u2013 accessed 24.07.2015.<\/p>\n<p><a href=\"#_ftnref9\" name=\"_ftn9\">[9]<\/a> Media often wrongly refers to this as the \u201eright to be forgotten\u201c judgement. However, the right to delist information is not about the deletion or erasure of information. It only limits access. Cf. CJEU, C-131\/12, Google Spain SL and Google Inc. v Agencia Espa\u00f1ola de Protecci\u00f3n de Datos (AEPD) and Mario Costeja Gonz\u00e1lez, ECLI:EU:C:2014:317. Also compare the Art 29 working group guidelines on the implementation accessible via: <a href=\"http:\/\/ec.europa.eu\/justice\/data-protection\/article-29\/documentation\/opinion-recommendation\/files\/2014\/wp225_en.pdf%20-%20accessed%2024.07.2015\">http:\/\/ec.europa.eu\/justice\/data-protection\/article-29\/documentation\/opinion-recommendation\/files\/2014\/wp225_en.pdf &#8211; accessed 24.07.2015<\/a>. And finally a report on the success of the right to delist information from the 18.06.2015 via: <a href=\"http:\/\/ec.europa.eu\/justice\/data-protection\/article-29\/press-material\/press-release\/art29_press_material\/20150618_wp29_press_release_on_delisting.pdf\">http:\/\/ec.europa.eu\/justice\/data-protection\/article-29\/press-material\/press-release\/art29_press_material\/20150618_wp29_press_release_on_delisting.pdf<\/a> &#8211; accessed 24.07.2015.<\/p>\n<p><a href=\"#_ftnref10\" name=\"_ftn10\">[10]<\/a> <a href=\"http:\/\/www.europe-v-facebook.org\/\">http:\/\/www.europe-v-facebook.org\/<\/a> &#8211; accessed 24.07.2015.<\/p>\n<p><a href=\"#_ftnref11\" name=\"_ftn11\">[11]<\/a> CJEU, C-362\/14, Reference for a preliminary ruling from High Court of Ireland (Ireland) made on 25.06.2014 \u2013 Maximillian Schrems v Data Protection Commissioner.<\/p>\n<p><a href=\"#_ftnref12\" name=\"_ftn12\">[12]<\/a> CJEU, C-360\/10, Belgische Vereniging van Auteurs, Componisten en Uitgevers CVBA (SABAM) v Netlog NV, ECLI:EU:C:2012:85.<\/p>\n<p><a href=\"#_ftnref13\" name=\"_ftn13\">[13]<\/a> CJEU, C-314\/12, UPC Telekabel Wien GmbH, ECLI:EU:C:2014:192.<\/p>\n<p><a href=\"#_ftnref14\" name=\"_ftn14\">[14]<\/a> Cf. Gasser, Schulz (editors), Governance of Online Intermediaries: Observations from a Series of National Case Studies, Berkman Center Research Publication No. 2015-5, via: <a href=\"http:\/\/papers.ssrn.com\/sol3\/papers.cfm?abstract_id=2566364\">http:\/\/papers.ssrn.com\/sol3\/papers.cfm?abstract_id=2566364<\/a> \u2013 accessed 24.07.2015.<\/p>\n<p><a href=\"#_ftnref15\" name=\"_ftn15\">[15]<\/a> Directive 2000\/31\/EC of the European Parliament and of the Council of 8 June 2000 on certain legal aspects of information society services, in particular electronic commerce, in the Internal Market (&#8218;Directive on electronic commerce&#8216;), Official Journal L 178 , 17\/07\/2000 P. 0001 \u2013 0016, via: <a href=\"http:\/\/eur-lex.europa.eu\/LexUriServ\/LexUriServ.do?uri=CELEX:32000L0031:en:HTML\">http:\/\/eur-lex.europa.eu\/LexUriServ\/LexUriServ.do?uri=CELEX:32000L0031:en:HTML<\/a> \u2013 accessed 28.07.2015. Cf. Woods, Delfi v Estonia: Curtailing online freedom of expression?, via: <a href=\"http:\/\/eulawanalysis.blogspot.de\/2015\/06\/delfi-v-estonia-curtailing-online.html\">http:\/\/eulawanalysis.blogspot.de\/2015\/06\/delfi-v-estonia-curtailing-online.html<\/a> &#8211; accessed 28.07.2015.<\/p>\n<p><a href=\"#_ftnref16\" name=\"_ftn16\">[16]<\/a> ECtHR, Delfi AS v Estonia, App. No. 64569\/09, 16.06.2015.<\/p>\n<p><a href=\"#_ftnref17\" name=\"_ftn17\">[17]<\/a> <a href=\"http:\/\/www.delfi.ee\/\">http:\/\/www.delfi.ee\/<\/a> &#8211; accessed 28.07.2015.<\/p>\n<p><a href=\"#_ftnref18\" name=\"_ftn18\">[18]<\/a> ECtHR, Delfi AS v Estonia, Mn 16.<\/p>\n<p><a href=\"#_ftnref19\" name=\"_ftn19\">[19]<\/a> Ibidem, Mn 17.<\/p>\n<p><a href=\"#_ftnref20\" name=\"_ftn20\">[20]<\/a> Ibid., Mn 16.<\/p>\n<p><a href=\"#_ftnref21\" name=\"_ftn21\">[21]<\/a> Ibid., Mn 18.<\/p>\n<p><a href=\"#_ftnref22\" name=\"_ftn22\">[22]<\/a> Ibid., Mn 19.<\/p>\n<p><a href=\"#_ftnref23\" name=\"_ftn23\">[23]<\/a> Ibid., Mn 31.<\/p>\n<p><a href=\"#_ftnref24\" name=\"_ftn24\">[24]<\/a> Ibid., Mn 32.<\/p>\n<p><a href=\"#_ftnref25\" name=\"_ftn25\">[25]<\/a> ECtHR, Delfi AS v Estonia, App. No. 64569\/09, 10.10.2013. via: <a href=\"http:\/\/hudoc.echr.coe.int\/eng?i=001-126635\">http:\/\/hudoc.echr.coe.int\/eng?i=001-126635<\/a> \u2013 accessed 28.07.2015; Cf. Synodinou, Intermediaries&#8216; liability for online copyright infringement in the EU: evolutions and confusions, Computer Law &amp; Security Review, 2015, 31(1), p. 57 &#8211; 67; McCarthy, Is the writing on the wall for online service providers? Liability for hosting defamatory user-generated content under European and Irish law, Hibernian Law Journal, 2015, 14, p. 16 \u2013 55.<\/p>\n<p><a href=\"#_ftnref26\" name=\"_ftn26\">[26]<\/a> ECtHR, Delfi AS v Estonia, App. No. 64569\/09, 16.06.2015, Mn 68.<\/p>\n<p><a href=\"#_ftnref27\" name=\"_ftn27\">[27]<\/a> Ibid., Mn 66.<\/p>\n<p><a href=\"#_ftnref28\" name=\"_ftn28\">[28]<\/a> Ibid., Mn 147.<\/p>\n<p><a href=\"#_ftnref29\" name=\"_ftn29\">[29]<\/a> Ibid. Mn 160.<\/p>\n<p><a href=\"#_ftnref30\" name=\"_ftn30\">[30]<\/a> Cf. the Blog posts on the topic: <a href=\"https:\/\/jean-monnet-saar.eu\/?p=690\">https:\/\/jean-monnet-saar.eu\/?p=690<\/a> \u2013 accessed 28.07.2015; <a href=\"https:\/\/jean-monnet-saar.eu\/?p=745\">https:\/\/jean-monnet-saar.eu\/?p=745<\/a> \u2013 accessed 28.07.2015.<\/p>\n<p><a href=\"#_ftnref31\" name=\"_ftn31\">[31]<\/a> Cf. Cox, Delfi v. Estonia: Privacy Protection and Chilling Effect, via: <a href=\"http:\/\/www.verfassungsblog.de\/en\/delfi-v-estonia-privacy-protection-and-chilling-effect\/\">http:\/\/www.verfassungsblog.de\/en\/delfi-v-estonia-privacy-protection-and-chilling-effect\/<\/a> &#8211; accessed 28.07.2015.<\/p>\n<p><strong>Suggested Citation:<\/strong> <em>Gstrein, Oskar Josef<\/em>, Case analysis of the ECtHR judgment in Delfi AS v. Estonia (app. No. 64569\/09), jean-monnet-saar 2015, DOI: <a href=\"https:\/\/intr2dok.vifa-recht.de\/receive\/mir_mods_00012075?q=Case%20analysis%20of%20the%20ECtHR%20judgment%20in%20Delfi%20AS%20v.%20Estonia%20(app.%20No.%2064569\/09)\">10.17176\/20220308-165318-0<\/a><\/p>\n","protected":false},"excerpt":{"rendered":"<p>The difficulties of information management for intermediaries By Oskar Josef Gstrein[1] \u00a0A. Introduction \u201cThe medium is the message\u201d.[2] This phrase coined by the Canadian philosopher<\/p>\n","protected":false},"author":16,"featured_media":883,"comment_status":"closed","ping_status":"closed","sticky":false,"template":"","format":"standard","meta":{"footnotes":""},"categories":[1],"tags":[107,115,91,114,116,113,28],"class_list":["post-881","post","type-post","status-publish","format-standard","has-post-thumbnail","hentry","category-allgemein","tag-data-protection","tag-delfi","tag-echr","tag-ecthr","tag-estonia","tag-privacy","tag-saar-briefs"],"cc_featured_image_caption":{"caption_text":false,"source_text":false,"source_url":false},"_links":{"self":[{"href":"https:\/\/jean-monnet-saar.eu\/index.php?rest_route=\/wp\/v2\/posts\/881","targetHints":{"allow":["GET"]}}],"collection":[{"href":"https:\/\/jean-monnet-saar.eu\/index.php?rest_route=\/wp\/v2\/posts"}],"about":[{"href":"https:\/\/jean-monnet-saar.eu\/index.php?rest_route=\/wp\/v2\/types\/post"}],"author":[{"embeddable":true,"href":"https:\/\/jean-monnet-saar.eu\/index.php?rest_route=\/wp\/v2\/users\/16"}],"replies":[{"embeddable":true,"href":"https:\/\/jean-monnet-saar.eu\/index.php?rest_route=%2Fwp%2Fv2%2Fcomments&post=881"}],"version-history":[{"count":0,"href":"https:\/\/jean-monnet-saar.eu\/index.php?rest_route=\/wp\/v2\/posts\/881\/revisions"}],"wp:featuredmedia":[{"embeddable":true,"href":"https:\/\/jean-monnet-saar.eu\/index.php?rest_route=\/wp\/v2\/media\/883"}],"wp:attachment":[{"href":"https:\/\/jean-monnet-saar.eu\/index.php?rest_route=%2Fwp%2Fv2%2Fmedia&parent=881"}],"wp:term":[{"taxonomy":"category","embeddable":true,"href":"https:\/\/jean-monnet-saar.eu\/index.php?rest_route=%2Fwp%2Fv2%2Fcategories&post=881"},{"taxonomy":"post_tag","embeddable":true,"href":"https:\/\/jean-monnet-saar.eu\/index.php?rest_route=%2Fwp%2Fv2%2Ftags&post=881"}],"curies":[{"name":"wp","href":"https:\/\/api.w.org\/{rel}","templated":true}]}}