{"id":922,"date":"2015-09-25T15:51:29","date_gmt":"2015-09-25T13:51:29","guid":{"rendered":"https:\/\/jean-monnet-saar.eu\/?p=922"},"modified":"2021-01-26T12:33:39","modified_gmt":"2021-01-26T10:33:39","slug":"vortrag-von-prof-giegerich-beim-34-deutsch-franzoesischen-juristentreffen-in-saarbruecken","status":"publish","type":"post","link":"https:\/\/jean-monnet-saar.eu\/?p=922","title":{"rendered":"Vortrag von Prof. Giegerich beim 34. Deutsch-Franz\u00f6sischen Juristentreffen in Saarbr\u00fccken"},"content":{"rendered":"<h2><strong>Zwischen Europafreundlichkeit und Europaskepsis \u2013 Die bundesverfassungsgerichtliche Rechtsprechung zur europ\u00e4ischen Integration<\/strong><\/h2>\n<p>Prof. Giegerich hat heute im Rahmen des<a href=\"http:\/\/www.dfj.org\/treffen\/programm\/DFJ%20Tagung%202015%20(D).pdf\" target=\"_blank\" rel=\"noopener\"> 34. Deutsch-Franz\u00f6sischen Juristentreffens in Saarbr\u00fccken<\/a> einen Vortrag gehalten. Die <a href=\"http:\/\/www.dfj.org\/\" target=\"_blank\" rel=\"noopener\">Deutsch-Franz\u00f6sische Juristenvereinigung<\/a> ist bestrebt, die beruflichen und pers\u00f6nlichen Beziehungen zwischen deutschen und franz\u00f6sischen Juristen zu f\u00f6rdern. Seit 1953 veranstaltet sie gemeinsame Tagungen alle zwei Jahre abwechselnd in Deutschland und Frankreich zusammen mit ihrer franz\u00f6sischen Partnerin, der <a href=\"http:\/\/www.ajfa.fr\/2010\/v_fr\/index.html\" target=\"_blank\" rel=\"noopener\">Association des Juristes Francais et Allemands<\/a>. Neben der fachlichen Diskussion jeweils \u00fcber aktuelle Themen wird auch das gegenseitige pers\u00f6nliche Kennenlernen in einem Beiprogramm durch gemeinsame Ausfl\u00fcge und Empf\u00e4nge gepflegt.<\/p>\n<p>Die Gliederung des Vortrags k\u00f6nnen Sie hier herunterladen: <a href=\"https:\/\/jean-monnet-saar.eu\/wp-content\/uploads\/2015\/09\/Zwischen-Europafreundlichkeit-und-Europaskepsis.pdf\">Zwischen Europafreundlichkeit und Europaskepsis &#8211; Die bundesverfassungsgerichtliche Rechtsprechung zur europ\u00e4ischen Integration<\/a><\/p>\n","protected":false},"excerpt":{"rendered":"<p>Zwischen Europafreundlichkeit und Europaskepsis \u2013 Die bundesverfassungsgerichtliche Rechtsprechung zur europ\u00e4ischen Integration Prof. Giegerich hat heute im Rahmen des 34. Deutsch-Franz\u00f6sischen Juristentreffens in Saarbr\u00fccken einen Vortrag<\/p>\n","protected":false},"author":16,"featured_media":839,"comment_status":"closed","ping_status":"closed","sticky":false,"template":"","format":"standard","meta":{"footnotes":""},"categories":[1],"tags":[125,25],"class_list":["post-922","post","type-post","status-publish","format-standard","has-post-thumbnail","hentry","category-allgemein","tag-saarbruecken","tag-vortrag"],"cc_featured_image_caption":{"caption_text":false,"source_text":false,"source_url":false},"_links":{"self":[{"href":"https:\/\/jean-monnet-saar.eu\/index.php?rest_route=\/wp\/v2\/posts\/922","targetHints":{"allow":["GET"]}}],"collection":[{"href":"https:\/\/jean-monnet-saar.eu\/index.php?rest_route=\/wp\/v2\/posts"}],"about":[{"href":"https:\/\/jean-monnet-saar.eu\/index.php?rest_route=\/wp\/v2\/types\/post"}],"author":[{"embeddable":true,"href":"https:\/\/jean-monnet-saar.eu\/index.php?rest_route=\/wp\/v2\/users\/16"}],"replies":[{"embeddable":true,"href":"https:\/\/jean-monnet-saar.eu\/index.php?rest_route=%2Fwp%2Fv2%2Fcomments&post=922"}],"version-history":[{"count":0,"href":"https:\/\/jean-monnet-saar.eu\/index.php?rest_route=\/wp\/v2\/posts\/922\/revisions"}],"wp:featuredmedia":[{"embeddable":true,"href":"https:\/\/jean-monnet-saar.eu\/index.php?rest_route=\/wp\/v2\/media\/839"}],"wp:attachment":[{"href":"https:\/\/jean-monnet-saar.eu\/index.php?rest_route=%2Fwp%2Fv2%2Fmedia&parent=922"}],"wp:term":[{"taxonomy":"category","embeddable":true,"href":"https:\/\/jean-monnet-saar.eu\/index.php?rest_route=%2Fwp%2Fv2%2Fcategories&post=922"},{"taxonomy":"post_tag","embeddable":true,"href":"https:\/\/jean-monnet-saar.eu\/index.php?rest_route=%2Fwp%2Fv2%2Ftags&post=922"}],"curies":[{"name":"wp","href":"https:\/\/api.w.org\/{rel}","templated":true}]}}