{"id":987,"date":"2015-11-09T11:19:06","date_gmt":"2015-11-09T09:19:06","guid":{"rendered":"https:\/\/jean-monnet-saar.eu\/?p=987"},"modified":"2018-05-24T09:30:35","modified_gmt":"2018-05-24T07:30:35","slug":"stellenausschreibung-job-advertisement","status":"publish","type":"post","link":"https:\/\/jean-monnet-saar.eu\/?p=987","title":{"rendered":"Stellenausschreibung \/ Job Advertisement"},"content":{"rendered":"<p style=\"text-align: justify;\">Der Jean-Monnet Lehrstuhl von Prof. Dr. Thomas Giegerich f\u00fcr Europarecht, \u00d6ffentliches Recht und V\u00f6lkerrecht sucht eine wissenschaftliche Mitarbeiterin bzw. einen wissenschaftlichen Mitarbeiter zum 04.01.16.<\/p>\n<p style=\"text-align: justify;\">Weitere Informationen finden Sie unter<a href=\"http:\/\/www.uni-saarland.de\/fileadmin\/user_upload\/Campus\/Service\/Stellenausschreibung\/Wissenschaftliches_Personal\/W1015.pdf\">\u00a0http:\/\/www.uni-saarland.de\/fileadmin\/user_upload\/Campus\/Service\/Stellenausschreibung\/ Wissenschaftliches_Personal\/W1015.pdf<\/a>.<\/p>\n<p style=\"text-align: justify;\">Das Team freut sich auf Ihre Bewerbung!<\/p>\n<p>&nbsp;<\/p>\n<hr \/>\n<p>&nbsp;<\/p>\n<p>&nbsp;<\/p>\n<p style=\"text-align: justify;\">The Jean-Monnet Chair of Prof. Dr. Thomas Giegerich\u00a0for EU Law, Public International Law and Public Law is looking for a Research Associate starting on 4th of January 2016.<\/p>\n<p style=\"text-align: justify;\">For more information see\u00a0<a href=\"http:\/\/www.uni-saarland.de\/fileadmin\/user_upload\/Campus\/Service\/Stellenausschreibung\/Wissenschaftliches_Personal\/W1015.pdf\">http:\/\/www.uni-saarland.de\/fileadmin\/user_upload\/Campus\/Service\/Stellenausschreibung\/ Wissenschaftliches_Personal\/W1015.pdf<\/a>.<\/p>\n<p style=\"text-align: justify;\">The team is looking forward to your application!<\/p>\n<p>&nbsp;<\/p>\n","protected":false},"excerpt":{"rendered":"<p>Der Jean-Monnet Lehrstuhl von Prof. Dr. Thomas Giegerich f\u00fcr Europarecht, \u00d6ffentliches Recht und V\u00f6lkerrecht sucht eine wissenschaftliche Mitarbeiterin bzw. einen wissenschaftlichen Mitarbeiter zum 04.01.16. Weitere<\/p>\n","protected":false},"author":16,"featured_media":272,"comment_status":"closed","ping_status":"closed","sticky":false,"template":"","format":"standard","meta":{"footnotes":""},"categories":[1],"tags":[143,142,141],"class_list":["post-987","post","type-post","status-publish","format-standard","has-post-thumbnail","hentry","category-allgemein","tag-lehrstuhl","tag-stellenausschreibung","tag-universitaet-des-saarlandes"],"cc_featured_image_caption":{"caption_text":false,"source_text":false,"source_url":false},"_links":{"self":[{"href":"https:\/\/jean-monnet-saar.eu\/index.php?rest_route=\/wp\/v2\/posts\/987","targetHints":{"allow":["GET"]}}],"collection":[{"href":"https:\/\/jean-monnet-saar.eu\/index.php?rest_route=\/wp\/v2\/posts"}],"about":[{"href":"https:\/\/jean-monnet-saar.eu\/index.php?rest_route=\/wp\/v2\/types\/post"}],"author":[{"embeddable":true,"href":"https:\/\/jean-monnet-saar.eu\/index.php?rest_route=\/wp\/v2\/users\/16"}],"replies":[{"embeddable":true,"href":"https:\/\/jean-monnet-saar.eu\/index.php?rest_route=%2Fwp%2Fv2%2Fcomments&post=987"}],"version-history":[{"count":0,"href":"https:\/\/jean-monnet-saar.eu\/index.php?rest_route=\/wp\/v2\/posts\/987\/revisions"}],"wp:featuredmedia":[{"embeddable":true,"href":"https:\/\/jean-monnet-saar.eu\/index.php?rest_route=\/wp\/v2\/media\/272"}],"wp:attachment":[{"href":"https:\/\/jean-monnet-saar.eu\/index.php?rest_route=%2Fwp%2Fv2%2Fmedia&parent=987"}],"wp:term":[{"taxonomy":"category","embeddable":true,"href":"https:\/\/jean-monnet-saar.eu\/index.php?rest_route=%2Fwp%2Fv2%2Fcategories&post=987"},{"taxonomy":"post_tag","embeddable":true,"href":"https:\/\/jean-monnet-saar.eu\/index.php?rest_route=%2Fwp%2Fv2%2Ftags&post=987"}],"curies":[{"name":"wp","href":"https:\/\/api.w.org\/{rel}","templated":true}]}}